{"id":570,"date":"2019-03-20T07:11:59","date_gmt":"2019-03-20T07:11:59","guid":{"rendered":"http:\/\/www.cpria-grand-est.fr\/?p=570"},"modified":"2019-03-20T07:11:59","modified_gmt":"2019-03-20T07:11:59","slug":"la-prochaine-reunion-pleniere-se-tiendra-le-25-avril-2019-a-metz","status":"publish","type":"post","link":"https:\/\/www.cpria-grand-est.fr\/index.php\/la-prochaine-reunion-pleniere-se-tiendra-le-25-avril-2019-a-metz\/","title":{"rendered":"La prochaine r\u00e9union pl\u00e9ni\u00e8re se tiendra le 25 avril 2019 \u00e0 Metz."},"content":{"rendered":"<p>La prochaine r\u00e9union de la Commission est pr\u00e9vue le 25 avril \u00e0 Metz. Les principaux sujets \u00e0 l&#8217;ordre du jour seront la pr\u00e9paration du projet &#8220;Vivre et travailler en TPE en Grand Est&#8221;, la communication sur les travaux de la CPRIA, la formation en situation de travail.<\/p>\n","protected":false},"excerpt":{"rendered":"<p>La prochaine r\u00e9union de la Commission est pr\u00e9vue le 25 avril \u00e0 Metz. Les principaux sujets \u00e0 l&#8217;ordre du jour seront la pr\u00e9paration du projet &#8220;Vivre et travailler en TPE en Grand Est&#8221;, la communication sur les travaux de la CPRIA, la formation en situation de travail.<\/p>\n","protected":false},"author":4,"featured_media":0,"comment_status":"closed","ping_status":"closed","sticky":false,"template":"","format":"standard","meta":{"footnotes":"","_links_to":"","_links_to_target":""},"categories":[3],"tags":[],"_links":{"self":[{"href":"https:\/\/www.cpria-grand-est.fr\/index.php\/wp-json\/wp\/v2\/posts\/570"}],"collection":[{"href":"https:\/\/www.cpria-grand-est.fr\/index.php\/wp-json\/wp\/v2\/posts"}],"about":[{"href":"https:\/\/www.cpria-grand-est.fr\/index.php\/wp-json\/wp\/v2\/types\/post"}],"author":[{"embeddable":true,"href":"https:\/\/www.cpria-grand-est.fr\/index.php\/wp-json\/wp\/v2\/users\/4"}],"replies":[{"embeddable":true,"href":"https:\/\/www.cpria-grand-est.fr\/index.php\/wp-json\/wp\/v2\/comments?post=570"}],"version-history":[{"count":1,"href":"https:\/\/www.cpria-grand-est.fr\/index.php\/wp-json\/wp\/v2\/posts\/570\/revisions"}],"predecessor-version":[{"id":571,"href":"https:\/\/www.cpria-grand-est.fr\/index.php\/wp-json\/wp\/v2\/posts\/570\/revisions\/571"}],"wp:attachment":[{"href":"https:\/\/www.cpria-grand-est.fr\/index.php\/wp-json\/wp\/v2\/media?parent=570"}],"wp:term":[{"taxonomy":"category","embeddable":true,"href":"https:\/\/www.cpria-grand-est.fr\/index.php\/wp-json\/wp\/v2\/categories?post=570"},{"taxonomy":"post_tag","embeddable":true,"href":"https:\/\/www.cpria-grand-est.fr\/index.php\/wp-json\/wp\/v2\/tags?post=570"}],"curies":[{"name":"wp","href":"https:\/\/api.w.org\/{rel}","templated":true}]}}