{"id":593,"date":"2019-05-23T13:25:21","date_gmt":"2019-05-23T13:25:21","guid":{"rendered":"http:\/\/www.cpria-grand-est.fr\/?p=593"},"modified":"2019-06-27T15:49:18","modified_gmt":"2019-06-27T15:49:18","slug":"prochaine-reunion-pleniere-de-la-cpria","status":"publish","type":"post","link":"https:\/\/www.cpria-grand-est.fr\/index.php\/prochaine-reunion-pleniere-de-la-cpria\/","title":{"rendered":"13 juin 2019 &#8211; Prochaine r\u00e9union pl\u00e9ni\u00e8re de la CPRIA \u00e0 Metz"},"content":{"rendered":"<p>La prochaine pl\u00e9ni\u00e8re de la CPRIA se tiendra le 13 juin dans les locaux de la CFDT \u00e0 Metz.<\/p>\n<p>A l&#8217;ordre du jour :<\/p>\n<ul>\n<li>conception d&#8217;outils et de supports d&#8217;information et de sensibilisation<\/li>\n<li>accueil d&#8217;un nouvel arrivant dans l&#8217;entreprsie (en partenariat avec l&#8217;ARACT),<\/li>\n<li>pr\u00e9paration de la journ\u00e9e &#8220;Vivre et travailler en TPE&#8221; organis\u00e9e le 23 septembre 2019 avec le soutien de la DIRECCTE Grand Est.<\/li>\n<\/ul>\n","protected":false},"excerpt":{"rendered":"<p>La prochaine pl\u00e9ni\u00e8re de la CPRIA se tiendra le 13 juin dans les locaux de la CFDT \u00e0 Metz. A l&#8217;ordre du jour : conception d&#8217;outils et de supports d&#8217;information et de sensibilisation accueil d&#8217;un nouvel arrivant dans l&#8217;entreprsie (en partenariat avec l&#8217;ARACT), pr\u00e9paration de la journ\u00e9e &#8220;Vivre et travailler en TPE&#8221; organis\u00e9e le 23 septembre 2019 avec le soutien de la DIRECCTE Grand Est.<\/p>\n","protected":false},"author":4,"featured_media":0,"comment_status":"closed","ping_status":"closed","sticky":false,"template":"","format":"standard","meta":{"footnotes":"","_links_to":"","_links_to_target":""},"categories":[3],"tags":[],"_links":{"self":[{"href":"https:\/\/www.cpria-grand-est.fr\/index.php\/wp-json\/wp\/v2\/posts\/593"}],"collection":[{"href":"https:\/\/www.cpria-grand-est.fr\/index.php\/wp-json\/wp\/v2\/posts"}],"about":[{"href":"https:\/\/www.cpria-grand-est.fr\/index.php\/wp-json\/wp\/v2\/types\/post"}],"author":[{"embeddable":true,"href":"https:\/\/www.cpria-grand-est.fr\/index.php\/wp-json\/wp\/v2\/users\/4"}],"replies":[{"embeddable":true,"href":"https:\/\/www.cpria-grand-est.fr\/index.php\/wp-json\/wp\/v2\/comments?post=593"}],"version-history":[{"count":3,"href":"https:\/\/www.cpria-grand-est.fr\/index.php\/wp-json\/wp\/v2\/posts\/593\/revisions"}],"predecessor-version":[{"id":596,"href":"https:\/\/www.cpria-grand-est.fr\/index.php\/wp-json\/wp\/v2\/posts\/593\/revisions\/596"}],"wp:attachment":[{"href":"https:\/\/www.cpria-grand-est.fr\/index.php\/wp-json\/wp\/v2\/media?parent=593"}],"wp:term":[{"taxonomy":"category","embeddable":true,"href":"https:\/\/www.cpria-grand-est.fr\/index.php\/wp-json\/wp\/v2\/categories?post=593"},{"taxonomy":"post_tag","embeddable":true,"href":"https:\/\/www.cpria-grand-est.fr\/index.php\/wp-json\/wp\/v2\/tags?post=593"}],"curies":[{"name":"wp","href":"https:\/\/api.w.org\/{rel}","templated":true}]}}