{"id":881,"date":"2022-03-03T08:26:08","date_gmt":"2022-03-03T08:26:08","guid":{"rendered":"https:\/\/www.cpria-grand-est.fr\/?p=881"},"modified":"2022-03-03T08:26:08","modified_gmt":"2022-03-03T08:26:08","slug":"retour-sur-la-premiere-reunion-de-la-cpria-en-2022","status":"publish","type":"post","link":"https:\/\/www.cpria-grand-est.fr\/index.php\/retour-sur-la-premiere-reunion-de-la-cpria-en-2022\/","title":{"rendered":"Retour sur la premi\u00e8re r\u00e9union de la CPRIA en 2022"},"content":{"rendered":"<p>Lors de cette pl\u00e9ni\u00e8re les membres ont poursuivi leurs travaux sur l&#8217;accompagnement des tr\u00e8s petites entreprises artisanales face \u00e0 leurs difficult\u00e9s de recrutement, ont fait le point sur la participation de la CPRIA \u00e0 une action de promotion de la qualit\u00e9 de vie au travail aupr\u00e8s des TPE en Grand Est et valid\u00e9 la participation de la commission \u00e0 une action r\u00e9gionale sur la pr\u00e9vention de la d\u00e9sinsertion professionnelle des s\u00e9niors au sein des entreprises artisanales, se sont empar\u00e9s du sujet de l&#8217;impact du COVID long sur les entreprises et leurs salari\u00e9s.<\/p>\n","protected":false},"excerpt":{"rendered":"<p>Lors de cette pl\u00e9ni\u00e8re les membres ont poursuivi leurs travaux sur l&#8217;accompagnement des tr\u00e8s petites entreprises artisanales face \u00e0 leurs difficult\u00e9s de recrutement, ont fait le point sur la participation de la CPRIA \u00e0 une action de promotion de la qualit\u00e9 de vie au travail aupr\u00e8s des TPE en Grand Est et valid\u00e9 la participation de la commission \u00e0 une action r\u00e9gionale sur la pr\u00e9vention de la d\u00e9sinsertion professionnelle des s\u00e9niors au sein des entreprises artisanales, se sont empar\u00e9s du sujet de l&#8217;impact du COVID long sur les entreprises et leurs salari\u00e9s.<\/p>\n","protected":false},"author":4,"featured_media":0,"comment_status":"closed","ping_status":"closed","sticky":false,"template":"","format":"standard","meta":{"footnotes":"","_links_to":"","_links_to_target":""},"categories":[3],"tags":[],"_links":{"self":[{"href":"https:\/\/www.cpria-grand-est.fr\/index.php\/wp-json\/wp\/v2\/posts\/881"}],"collection":[{"href":"https:\/\/www.cpria-grand-est.fr\/index.php\/wp-json\/wp\/v2\/posts"}],"about":[{"href":"https:\/\/www.cpria-grand-est.fr\/index.php\/wp-json\/wp\/v2\/types\/post"}],"author":[{"embeddable":true,"href":"https:\/\/www.cpria-grand-est.fr\/index.php\/wp-json\/wp\/v2\/users\/4"}],"replies":[{"embeddable":true,"href":"https:\/\/www.cpria-grand-est.fr\/index.php\/wp-json\/wp\/v2\/comments?post=881"}],"version-history":[{"count":1,"href":"https:\/\/www.cpria-grand-est.fr\/index.php\/wp-json\/wp\/v2\/posts\/881\/revisions"}],"predecessor-version":[{"id":882,"href":"https:\/\/www.cpria-grand-est.fr\/index.php\/wp-json\/wp\/v2\/posts\/881\/revisions\/882"}],"wp:attachment":[{"href":"https:\/\/www.cpria-grand-est.fr\/index.php\/wp-json\/wp\/v2\/media?parent=881"}],"wp:term":[{"taxonomy":"category","embeddable":true,"href":"https:\/\/www.cpria-grand-est.fr\/index.php\/wp-json\/wp\/v2\/categories?post=881"},{"taxonomy":"post_tag","embeddable":true,"href":"https:\/\/www.cpria-grand-est.fr\/index.php\/wp-json\/wp\/v2\/tags?post=881"}],"curies":[{"name":"wp","href":"https:\/\/api.w.org\/{rel}","templated":true}]}}